{"id":9786,"__str__":"Projeto de Resolu\u00e7\u00e3o n\u00ba 3 de 2020 | Proposi\u00e7\u00e3o inclusa na Ordem do Dia | 31/08/2020","link_detail_backend":"/materia/tramitacao/9786","metadata":{},"timestamp":"2020-08-31T14:37:18.156069-03:00","data_tramitacao":"2020-08-31","data_encaminhamento":"2020-08-31","urgente":false,"turno":"","texto":"Proposi\u00e7\u00e3o inclusa na ordem do dia em sess\u00e3o extraordin\u00e1ria","data_fim_prazo":null,"ip":"186.238.4.58","ultima_edicao":"2020-08-31T14:36:41.220981-03:00","status":3,"materia":1672,"unidade_tramitacao_local":13,"unidade_tramitacao_destino":6,"user":60}