{"id":5652,"__str__":"Indica\u00e7\u00e3o n\u00ba 6 de 2019 | Proposi\u00e7\u00e3o apresentada em Plen\u00e1rio | 27/02/2019","link_detail_backend":"/materia/tramitacao/5652","metadata":{},"timestamp":"2019-02-28T13:17:03.397168-03:00","data_tramitacao":"2019-02-27","data_encaminhamento":null,"urgente":false,"turno":"U","texto":"Mat\u00e9ria lida em Plen\u00e1rio.","data_fim_prazo":null,"ip":"","ultima_edicao":null,"status":28,"materia":1135,"unidade_tramitacao_local":6,"unidade_tramitacao_destino":5,"user":null}