{"id":30542,"__str__":"Projeto de Lei n\u00ba 32 de 2023 | Proposi\u00e7\u00e3o inclusa na Ordem do Dia | 05/12/2023","link_detail_backend":"/materia/tramitacao/30542","metadata":{},"timestamp":"2023-12-05T13:43:12.292832-03:00","data_tramitacao":"2023-12-05","data_encaminhamento":null,"urgente":true,"turno":"B","texto":"Proposi\u00e7\u00e3o inclusa na ordem do dia de sess\u00e3o extraordin\u00e1ria \u00fanica.","data_fim_prazo":null,"ip":"131.100.74.134","ultima_edicao":"2023-12-05T13:42:13.902692-03:00","status":3,"materia":3667,"unidade_tramitacao_local":13,"unidade_tramitacao_destino":6,"user":60}