{"id":28985,"__str__":"Indica\u00e7\u00e3o n\u00ba 367 de 2023 | Proposi\u00e7\u00e3o apresentada em Plen\u00e1rio | 14/09/2023","link_detail_backend":"/materia/tramitacao/28985","metadata":{},"timestamp":"2023-09-14T08:43:02.376765-03:00","data_tramitacao":"2023-09-14","data_encaminhamento":null,"urgente":false,"turno":"U","texto":"Mat\u00e9ria lida em Plen\u00e1rio.","data_fim_prazo":null,"ip":"131.100.74.134","ultima_edicao":"2023-09-14T08:42:57.558760-03:00","status":28,"materia":3624,"unidade_tramitacao_local":6,"unidade_tramitacao_destino":54,"user":58}