{"id":28966,"__str__":"Projeto de Lei Complementar n\u00ba 16 de 2023 | Proposi\u00e7\u00e3o inclusa na Ordem do Dia da mesma sess\u00e3o | 12/09/2023","link_detail_backend":"/materia/tramitacao/28966","metadata":{},"timestamp":"2023-09-12T15:44:42.981280-03:00","data_tramitacao":"2023-09-12","data_encaminhamento":null,"urgente":false,"turno":"","texto":"Proposi\u00e7\u00e3o inclusa na ordem do dia na mesma sess\u00e3o, ap\u00f3s aprova\u00e7\u00e3o de requerimento de urg\u00eancia especial expedido pelo Poder Executivo.","data_fim_prazo":null,"ip":"131.100.74.134","ultima_edicao":"2023-09-12T15:43:46.388856-03:00","status":67,"materia":3637,"unidade_tramitacao_local":6,"unidade_tramitacao_destino":6,"user":48}