{"id":28078,"__str__":"Indica\u00e7\u00e3o n\u00ba 258 de 2023 | Proposi\u00e7\u00e3o apresentada em Plen\u00e1rio | 15/06/2023","link_detail_backend":"/materia/tramitacao/28078","metadata":{},"timestamp":"2023-06-15T08:33:16.398931-03:00","data_tramitacao":"2023-06-15","data_encaminhamento":null,"urgente":false,"turno":"U","texto":"Mat\u00e9ria lida em Plen\u00e1rio.","data_fim_prazo":null,"ip":"131.100.74.134","ultima_edicao":"2023-06-15T08:33:13.340537-03:00","status":28,"materia":3498,"unidade_tramitacao_local":6,"unidade_tramitacao_destino":54,"user":58}