{"id":22899,"__str__":"Requerimento n\u00ba 13 de 2022 | Proposi\u00e7\u00e3o inclusa na Ordem do Dia | 09/08/2022","link_detail_backend":"/materia/tramitacao/22899","metadata":{},"timestamp":"2022-08-09T15:09:51.596958-03:00","data_tramitacao":"2022-08-09","data_encaminhamento":null,"urgente":false,"turno":"","texto":"Proposi\u00e7\u00e3o inclu\u00edda na Ordem do Dia da 11\u00aa Sess\u00e3o Ordin\u00e1ria da 2\u00aa Sess\u00e3o Legislativa da 15\u00aa Legislatura, de 10/08/2022.","data_fim_prazo":null,"ip":"131.100.74.134","ultima_edicao":"2022-08-09T15:09:20.229279-03:00","status":3,"materia":2948,"unidade_tramitacao_local":58,"unidade_tramitacao_destino":6,"user":58}