{"id":36,"__str__":"Projeto de Lei n\u00ba 3 de 2017","link_detail_backend":"/materia/36","metadata":{},"numero":3,"ano":2017,"numero_protocolo":5189,"data_apresentacao":"2017-03-06","tipo_apresentacao":"E","data_publicacao":null,"numero_origem_externa":"","ano_origem_externa":null,"data_origem_externa":null,"apelido":"","dias_prazo":null,"data_fim_prazo":null,"em_tramitacao":false,"polemica":false,"objeto":"","complementar":false,"ementa":"DISP\u00d5E SOBRE A CRIA\u00c7\u00c3O DE VAGAS DE ESTACIONAMENTO PARA IDOSOS, PESSOAS COM DEFICI\u00caNCIA OU COM MOBILIDADE REDUZIDA NAS \u00c1REAS A ESTE FIM DESTINADAS PELOS ESTABELECIMENTOS PRIVADOS DE ACESSO P\u00daBLICO E NOS ESPA\u00c7OS DE USO P\u00daBLICO, NO \u00c2MBITO DO MUNIC\u00cdPIO DE PRAD\u00d3POLIS/SP","indexacao":"CRIA\u00c7\u00c3O; VAGAS; ESTACIONAMENTO; IDOSOS; DEFICI\u00caNCIA","observacao":"","resultado":"","texto_original":"http://sapl.pradopolis.sp.leg.br/media/sapl/public/materialegislativa/2017/36/36_texto_integral.pdf","data_ultima_atualizacao":"2018-06-15T16:39:57.408660-03:00","ip":"","ultima_edicao":null,"tipo":9,"regime_tramitacao":1,"tipo_origem_externa":null,"local_origem_externa":null,"user":null,"anexadas":[],"autores":[7]}