{"id":3531,"__str__":"Indica\u00e7\u00e3o n\u00ba 290 de 2023","link_detail_backend":"/materia/3531","metadata":{},"numero":290,"ano":2023,"numero_protocolo":null,"data_apresentacao":"2023-06-26","tipo_apresentacao":"E","data_publicacao":null,"numero_origem_externa":"","ano_origem_externa":null,"data_origem_externa":null,"apelido":"","dias_prazo":null,"data_fim_prazo":null,"em_tramitacao":false,"polemica":false,"objeto":"","complementar":false,"ementa":"Indica ao Chefe do Executivo Municipal que estudos sejam realizados pelo setor competente da Prefeitura, no sentido de viabilizar que mesmo em per\u00edodo de f\u00e9rias escolares, a ronda realizada pelos policiais da Atividade Delegada continue ocorrendo durante os per\u00edodos da manh\u00e3 e tarde.","indexacao":"per\u00edodo; f\u00e9rias; escolares; ronda; policiais; Atividade; Delegada; per\u00edodos; manh\u00e3; tarde.","observacao":"","resultado":"","texto_original":"http://sapl.pradopolis.sp.leg.br/media/sapl/public/materialegislativa/2023/3531/indicacao_no_290.2023_-_goncala_marcelo_e_marcia_da_silva.pdf","data_ultima_atualizacao":"2023-07-14T14:08:20.441393-03:00","ip":"131.100.74.134","ultima_edicao":"2023-06-29T10:09:50.537040-03:00","tipo":8,"regime_tramitacao":1,"tipo_origem_externa":null,"local_origem_externa":null,"user":58,"anexadas":[],"autores":[83,79]}