{"id":1516,"__str__":"Requerimento n\u00ba 17 de 2019","link_detail_backend":"/materia/1516","metadata":{},"numero":17,"ano":2019,"numero_protocolo":291,"data_apresentacao":"2019-11-25","tipo_apresentacao":"E","data_publicacao":null,"numero_origem_externa":"","ano_origem_externa":null,"data_origem_externa":null,"apelido":"","dias_prazo":null,"data_fim_prazo":null,"em_tramitacao":false,"polemica":null,"objeto":"","complementar":null,"ementa":"REQUEREM, \u00e0 Diretora do Departamento Municipal de Sa\u00fade de Prad\u00f3polis, uma medida de prote\u00e7\u00e3o total no balc\u00e3o de atendimento da recep\u00e7\u00e3o do Pronto Atendimento \"Waldemar Balatore\".","indexacao":"Diretora; Departamento Municipal de Sa\u00fade; prote\u00e7\u00e3o; balc\u00e3o de atendimento; recep\u00e7\u00e3o; pronto atendimento; Waldemar Balatore","observacao":"","resultado":"","texto_original":"http://sapl.pradopolis.sp.leg.br/media/sapl/public/materialegislativa/2019/1516/017.requerimento_protecao_balcao_atendimento_waldem.pdf","data_ultima_atualizacao":"2019-12-05T12:01:40.513417-03:00","ip":"186.238.4.58","ultima_edicao":null,"tipo":3,"regime_tramitacao":1,"tipo_origem_externa":null,"local_origem_externa":null,"user":58,"anexadas":[],"autores":[1,6,9,4,5,7,2]}