{"id":1290,"__str__":"Projeto de Lei Complementar n\u00ba 26 de 2019","link_detail_backend":"/materia/1290","metadata":{},"numero":26,"ano":2019,"numero_protocolo":null,"data_apresentacao":"2019-07-02","tipo_apresentacao":"E","data_publicacao":null,"numero_origem_externa":"","ano_origem_externa":null,"data_origem_externa":null,"apelido":"","dias_prazo":null,"data_fim_prazo":null,"em_tramitacao":false,"polemica":false,"objeto":"","complementar":true,"ementa":"Disp\u00f5e sobre altera\u00e7\u00e3o no requisito do emprego p\u00fablico de professor de educa\u00e7\u00e3o b\u00e1sica I (educa\u00e7\u00e3o especial), criado pela Lei Complementar n\u00b0 087, de 17 de abril de 2002, e d\u00e1 outras provid\u00eancias.","indexacao":"altera\u00e7\u00e3o; requisito; emprego; p\u00fablico; professor; educa\u00e7\u00e3o; b\u00e1sica; I; especial","observacao":"","resultado":"","texto_original":"http://sapl.pradopolis.sp.leg.br/media/sapl/public/materialegislativa/2019/1290/projeto_de_lei_complementar_no_026.2019.pdf","data_ultima_atualizacao":"2019-07-12T08:58:19.179967-03:00","ip":"186.238.4.58","ultima_edicao":null,"tipo":5,"regime_tramitacao":1,"tipo_origem_externa":null,"local_origem_externa":null,"user":48,"anexadas":[],"autores":[10]}