{"id":1223,"__str__":"Indica\u00e7\u00e3o n\u00ba 72 de 2019","link_detail_backend":"/materia/1223","metadata":{},"numero":72,"ano":2019,"numero_protocolo":78,"data_apresentacao":"2019-05-15","tipo_apresentacao":"E","data_publicacao":null,"numero_origem_externa":"","ano_origem_externa":null,"data_origem_externa":null,"apelido":"","dias_prazo":null,"data_fim_prazo":null,"em_tramitacao":false,"polemica":false,"objeto":"","complementar":false,"ementa":"INDICA AO CHEFE DO EXECUTIVO MUNICIPAL QUE ESTUDOS SEJAM REALIZADOS PELO SETOR COMPETENTE DA PREFEITURA, NO SENTIDO DE AMPLIAR OS HOR\u00c1RIOS DE ATENDIMENTO DA FARM\u00c1CIA DO CENTRO M\u00c9DICO MUNICIPAL \"JANU\u00c1RIO TEODORO DE SOUZA\".","indexacao":"AMPLIAR; HOR\u00c1RIOS; ATENDIMENTO; FARM\u00c1CIA; CENTRO; M\u00c9DICO","observacao":"","resultado":"","texto_original":"http://sapl.pradopolis.sp.leg.br/media/sapl/public/materialegislativa/2019/1223/indicacao_n_072.2019_-_thiago_alves.pdf","data_ultima_atualizacao":"2021-03-08T13:45:13.720087-03:00","ip":"186.238.4.58","ultima_edicao":"2020-08-21T11:48:09.045502-03:00","tipo":8,"regime_tramitacao":1,"tipo_origem_externa":null,"local_origem_externa":null,"user":61,"anexadas":[],"autores":[2]}