{"id":1122,"__str__":"Projeto de Lei Complementar n\u00ba 16 de 2019","link_detail_backend":"/materia/1122","metadata":{},"numero":16,"ano":2019,"numero_protocolo":null,"data_apresentacao":"2019-01-17","tipo_apresentacao":"","data_publicacao":null,"numero_origem_externa":"16","ano_origem_externa":2019,"data_origem_externa":null,"apelido":"","dias_prazo":null,"data_fim_prazo":null,"em_tramitacao":false,"polemica":false,"objeto":"","complementar":null,"ementa":"Disp\u00f5e sobre altera\u00e7\u00e3o nas atribui\u00e7\u00f5es do cargo de fiscal de tributos e rendas, criado pela Lei Complementar n\u00ba 203, de 26 de agosto de 2011 e d\u00e1 outras provid\u00eancias.","indexacao":"altera\u00e7\u00e3o; atribui\u00e7\u00f5es; cargo; fiscal, tributos; rendas","observacao":"","resultado":"","texto_original":"http://sapl.pradopolis.sp.leg.br/media/sapl/public/materialegislativa/2019/1122/projeto_de_lei_complementar_n_016.2019.pdf","data_ultima_atualizacao":"2019-03-18T11:06:10.386946-03:00","ip":"","ultima_edicao":null,"tipo":5,"regime_tramitacao":2,"tipo_origem_externa":5,"local_origem_externa":null,"user":null,"anexadas":[],"autores":[10]}