{"id":1098,"__str__":"Indica\u00e7\u00e3o n\u00ba 325 de 2018","link_detail_backend":"/materia/1098","metadata":{},"numero":325,"ano":2018,"numero_protocolo":161,"data_apresentacao":"2018-11-12","tipo_apresentacao":"","data_publicacao":null,"numero_origem_externa":"","ano_origem_externa":null,"data_origem_externa":null,"apelido":"","dias_prazo":null,"data_fim_prazo":null,"em_tramitacao":false,"polemica":null,"objeto":"","complementar":null,"ementa":"INDICA AO CHEFE DO EXECUTIVO MUNICIPAL PARA QUE JUNTO AO DEPARTAMENTO COMPETENTE, REALIZE A TROCA DAS L\u00c2MPADAS QUEIMADAS E MELHORIAS NA ILUMINA\u00c7\u00c3O DA PRA\u00c7A \u201cIZABEL CORREA DE AGUIAR\u201d, NO BAIRRO JARDIM MIRIAN III.","indexacao":"L\u00c2MPADAS QUEIMADAS; MELHORIAS; ILUMINA\u00c7\u00c3O; PRA\u00c7A; IZABEL CORREA DE AGUIAR; BAIRRO JARDIM MIRIAN III","observacao":"","resultado":"","texto_original":"http://sapl.pradopolis.sp.leg.br/media/sapl/public/materialegislativa/2018/1098/indicacao_n_325.2018_-_matheus_campos.pdf","data_ultima_atualizacao":"2021-03-08T14:12:26.188201-03:00","ip":"186.238.4.58","ultima_edicao":"2020-08-24T11:23:25.611421-03:00","tipo":8,"regime_tramitacao":1,"tipo_origem_externa":null,"local_origem_externa":null,"user":61,"anexadas":[],"autores":[4]}