{"id":5960,"__str__":"Convoca\u00e7\u00e3o - Edital N\u00ba 008/2025 de 10/11/2025 por Matheus Alves de Campos - Presidente","link_detail_backend":"/materia/documentoacessorio/5960","metadata":{},"nome":"Edital N\u00ba 008/2025","data":"2025-11-10","autor":"Matheus Alves de Campos - Presidente","ementa":"Convoca\u00e7\u00e3o, pelo Presidente, para participarem da Sess\u00e3o Extraordin\u00e1ria que ser\u00e1 levada a efeito em nossa Sede, no pr\u00f3ximo dia 12 de novembro de 2025 (quarta-feira), \u00e0s 18h45min, a fim de apreciarem e deliberarem acerca do Projeto de Lei n\u00ba 042/2025.","indexacao":"","arquivo":"http://sapl.pradopolis.sp.leg.br/media/sapl/public/documentoacessorio/2025/5960/convocacao_no_008.2025.pdf","data_ultima_atualizacao":"2025-11-10T16:28:08.938512-03:00","materia":4823,"tipo":13}