{"id":2144,"__str__":"Parecer - Parecer da CJR - Comiss\u00e3o de Justi\u00e7a e Reda\u00e7\u00e3o de 12/09/2019 por Comiss\u00e3o de Justi\u00e7a e Reda\u00e7\u00e3o","link_detail_backend":"/materia/documentoacessorio/2144","metadata":{},"nome":"Parecer da CJR - Comiss\u00e3o de Justi\u00e7a e Reda\u00e7\u00e3o","data":"2019-09-12","autor":"Comiss\u00e3o de Justi\u00e7a e Reda\u00e7\u00e3o","ementa":"Parecer completo favor\u00e1vel da Comiss\u00e3o de Justi\u00e7a e Reda\u00e7\u00e3o","indexacao":"","arquivo":"http://sapl.pradopolis.sp.leg.br/media/sapl/public/documentoacessorio/2019/2144/parecer_n_033.2019.pdf","data_ultima_atualizacao":"2019-09-12T15:28:23.932126-03:00","materia":1353,"tipo":1}