{"headers": {"id": "ID", "periodo": "Per\u00edodo", "titulo": "Mat\u00e9ria", "autor": "Autor", "ementa": "Ementa", "situacao": "Situa\u00e7\u00e3o"}, "results": [{"id": 1315, "periodo": "ordem dia", "titulo": "Den\u00fancia n\u00ba 1 de 2019", "autor": "", "ementa": "Den\u00fancia em face do Exmo. Prefeito, Sr. Silvio Martins, do Munic\u00edpio de Prad\u00f3polis, acerca de suposta pr\u00e1tica de infra\u00e7\u00e3o pol\u00edtico administrativa.", "situacao": "Proposi\u00e7\u00e3o inclusa na Ordem do Dia"}]}