{"headers": {"id": "ID", "periodo": "Per\u00edodo", "titulo": "Mat\u00e9ria", "autor": "Autor", "ementa": "Ementa", "situacao": "Situa\u00e7\u00e3o"}, "results": [{"id": 1305, "periodo": "ordem dia", "titulo": "Requerimento n\u00ba 11 de 2019", "autor": "Fab\u00e3o", "ementa": "REQUER, a tramita\u00e7\u00e3o em regime de urg\u00eancia e a dispensa de pareceres da Comiss\u00e3o de Justi\u00e7a e Reda\u00e7\u00e3o e da Comiss\u00e3o de Finan\u00e7as e Or\u00e7amento.", "situacao": "Proposi\u00e7\u00e3o inclusa na Ordem do Dia"}, {"id": 1304, "periodo": "ordem dia", "titulo": "Projeto de Lei n\u00ba 68 de 2019", "autor": "Prefeito Municipal - Prefeito", "ementa": "Disp\u00f5e sobre a autoriza\u00e7\u00e3o para o Poder Executivo firmar acordo judicial nos autos da A\u00e7\u00e3o Popular - Processo n\u00ba 0700503-82.1989.8.26.0222 e d\u00e1 outras provid\u00eancias.", "situacao": "Proposi\u00e7\u00e3o inclusa na Ordem do Dia"}]}