{"headers": {"id": "ID", "periodo": "Per\u00edodo", "titulo": "Mat\u00e9ria", "autor": "Autor", "ementa": "Ementa", "situacao": "Situa\u00e7\u00e3o"}, "results": [{"id": 4724, "periodo": "ordem dia", "titulo": "Projeto de Lei n\u00ba 37 de 2025", "autor": "Prefeito Municipal - Prefeito", "ementa": "Disp\u00f5e sobre as diretrizes or\u00e7ament\u00e1rias para o exerc\u00edcio financeiro de 2026 e d\u00e1 outras provid\u00eancias.", "situacao": "Proposi\u00e7\u00e3o inclusa na Ordem do Dia"}, {"id": 4829, "periodo": "expediente", "titulo": "Indica\u00e7\u00e3o n\u00ba 485 de 2025", "autor": "Gon\u00e7ala", "ementa": "Indica ao Chefe do Executivo Municipal que estudos sejam realizados pelo setor competente da prefeitura no sentido de viabilizar\u00a0reparos nas cadeiras do refeit\u00f3rio da E.M.E.B. \u201cLuiz Ometto\u201d (Infantil).", "situacao": "Proposi\u00e7\u00e3o inclusa no Expediente"}, {"id": 4830, "periodo": "expediente", "titulo": "Indica\u00e7\u00e3o n\u00ba 486 de 2025", "autor": "Gon\u00e7ala", "ementa": "Indica ao Chefe do Executivo Municipal que estudos sejam realizados pelo setor competente da prefeitura no sentido de viabilizar a aquisi\u00e7\u00e3o de 17 notebooks e a instala\u00e7\u00e3o de internet na E.M.E.B. \u201cLuiz Ometto\u201d (Infantil).", "situacao": "Proposi\u00e7\u00e3o inclusa no Expediente"}, {"id": 4831, "periodo": "expediente", "titulo": "Indica\u00e7\u00e3o n\u00ba 487 de 2025", "autor": "Gon\u00e7ala,Jo\u00e3ozinho da Papelaria", "ementa": "Indicam ao Chefe do Executivo Municipal que estudos sejam realizados pelo setor competente da prefeitura no sentido de viabilizar\u00a0a instala\u00e7\u00e3o de um bebedouro industrial no CEMA \u201cDorival Rossi\u201d.", "situacao": "Proposi\u00e7\u00e3o inclusa no Expediente"}, {"id": 4832, "periodo": "expediente", "titulo": "Indica\u00e7\u00e3o n\u00ba 488 de 2025", "autor": "Gon\u00e7ala", "ementa": "Indica ao Chefe do Executivo Municipal que estudos sejam realizados pelo setor competente da prefeitura no sentido de viabilizar aquisi\u00e7\u00e3o de 65 tablets para utiliza\u00e7\u00e3o dos alunos da E.M.E.F \u201cS\u00e9rgio Rossetti\u201d.", "situacao": "Proposi\u00e7\u00e3o inclusa no Expediente"}, {"id": 4833, "periodo": "expediente", "titulo": "Indica\u00e7\u00e3o n\u00ba 489 de 2025", "autor": "Gon\u00e7ala", "ementa": "Indica ao Chefe do Executivo Municipal que estudos sejam realizados pelo setor competente da prefeitura no sentido de viabilizar a constru\u00e7\u00e3o de um estacionamento tipo bols\u00e3o na Avenida Monte Sereno de frente a Igreja Assembleia de Deus Minist\u00e9rio de Madureira.", "situacao": "Proposi\u00e7\u00e3o inclusa no Expediente"}, {"id": 4834, "periodo": "expediente", "titulo": "Indica\u00e7\u00e3o n\u00ba 490 de 2025", "autor": "Tio Raul,Matheus Campos,Nal Marques,Professor Edson,Zilda Ornellas", "ementa": "Indicam ao Chefe do Poder Executivo Municipal que seja estudada a possibilidade de incluir no novo Plano de Carreira do Magist\u00e9rio, que est\u00e1 em elabora\u00e7\u00e3o, a cria\u00e7\u00e3o da falta acad\u00eamica justificada, a fim de incentivar a participa\u00e7\u00e3o dos profissionais da educa\u00e7\u00e3o em cursos de forma\u00e7\u00e3o continuada.", "situacao": "Proposi\u00e7\u00e3o inclusa no Expediente"}, {"id": 4835, "periodo": "expediente", "titulo": "Indica\u00e7\u00e3o n\u00ba 491 de 2025", "autor": "Tio Raul", "ementa": "Indica ao Chefe do Poder Executivo Municipal que determine ao setor competente da Prefeitura a realiza\u00e7\u00e3o de estudos visando \u00e0 manuten\u00e7\u00e3o do telhado da Creche Zaira Ometto.", "situacao": "Proposi\u00e7\u00e3o inclusa no Expediente"}, {"id": 4836, "periodo": "expediente", "titulo": "Indica\u00e7\u00e3o n\u00ba 492 de 2025", "autor": "Tio Raul", "ementa": "Indica ao Chefe do Poder Executivo Municipal que determine ao setor competente da Prefeitura a realiza\u00e7\u00e3o de estudos visando \u00e0 pintura e sinaliza\u00e7\u00e3o do estacionamento da Escola Municipal de Ensino Fundamental S\u00e9rgio Rossetti.", "situacao": "Proposi\u00e7\u00e3o inclusa no Expediente"}, {"id": 4837, "periodo": "expediente", "titulo": "Indica\u00e7\u00e3o n\u00ba 493 de 2025", "autor": "Jo\u00e3ozinho da Papelaria", "ementa": "Indica ao Chefe do Executivo Municipal que estudos sejam elaborados pelo setor competente da Prefeitura no sentido de Realizar o Reflorestamento nas \u00e1reas desmatadas, margens de rios, encostas de morros, entre outros no \u00e2mbito do munic\u00edpio.", "situacao": "Proposi\u00e7\u00e3o inclusa no Expediente"}, {"id": 4838, "periodo": "expediente", "titulo": "Indica\u00e7\u00e3o n\u00ba 494 de 2025", "autor": "Jo\u00e3ozinho da Papelaria", "ementa": "Indica ao Chefe do Executivo Municipal que estudos sejam elaborados pelo setor competente da Prefeitura no sentido de construir uma ciclovia dando continuidade na atual, passando por atr\u00e1s da quadra de areia indo at\u00e9 a Avenida Jos\u00e9 dos Santos Martins no Bairro Nova Prad\u00f3polis.", "situacao": "Proposi\u00e7\u00e3o inclusa no Expediente"}, {"id": 4839, "periodo": "expediente", "titulo": "Indica\u00e7\u00e3o n\u00ba 495 de 2025", "autor": "Jo\u00e3ozinho da Papelaria", "ementa": "Indica ao Chefe do Executivo Municipal que sejam elaborados estudos pelo setor competente da Prefeitura no sentido de promover a altera\u00e7\u00e3o do cargo de \"Motorista\" para \"Condutor de Ambul\u00e2ncia\" para os servidores que exercem suas fun\u00e7\u00f5es junto \u00e0 \u00e1rea da sa\u00fade.", "situacao": "Proposi\u00e7\u00e3o inclusa no Expediente"}, {"id": 4840, "periodo": "expediente", "titulo": "Indica\u00e7\u00e3o n\u00ba 496 de 2025", "autor": "Matheus Campos,Nal Marques", "ementa": "Indicam ao Chefe do Executivo Municipal que estudos sejam realizados pelo setor competente da prefeitura no sentido de viabilizar a aquisi\u00e7\u00e3o e instala\u00e7\u00e3o de um sem\u00e1foro no cruzamento entre as Ruas Tiradentes e S\u00e3o Martinho. (foto em anexo)", "situacao": "Proposi\u00e7\u00e3o inclusa no Expediente"}, {"id": 4841, "periodo": "expediente", "titulo": "Indica\u00e7\u00e3o n\u00ba 497 de 2025", "autor": "Valdir Do Horto,Zilda Ornellas", "ementa": "Indica ao Chefe do Executivo Municipal a realiza\u00e7\u00e3o de estudos, pelo setor competente da Prefeitura, com o objetivo de viabilizar a contrata\u00e7\u00e3o de uma auxiliar de servi\u00e7os gerais para colaborar nas atividades di\u00e1rias da Casa do Idoso.", "situacao": "Proposi\u00e7\u00e3o inclusa no Expediente"}, {"id": 4842, "periodo": "expediente", "titulo": "Indica\u00e7\u00e3o n\u00ba 498 de 2025", "autor": "Valdir Do Horto,Zilda Ornellas", "ementa": "Indica ao Chefe do Executivo Municipal a realiza\u00e7\u00e3o de estudos, pelo setor competente da Prefeitura, com o objetivo de viabilizar a aquisi\u00e7\u00e3o de novas cadeiras de pl\u00e1stico para a Casa do Idoso.", "situacao": "Proposi\u00e7\u00e3o inclusa no Expediente"}, {"id": 4843, "periodo": "expediente", "titulo": "Indica\u00e7\u00e3o n\u00ba 499 de 2025", "autor": "Valdir Do Horto,Gon\u00e7ala,Tio Raul", "ementa": "Indicam ao Chefe do Executivo Municipal a necessidade de estudos para reajuste dos valores das fun\u00e7\u00f5es gratificadas, al\u00e9m da poss\u00edvel cria\u00e7\u00e3o de valores diferenciados conforme a complexidade e responsabilidade de cada cargo.", "situacao": "Proposi\u00e7\u00e3o inclusa no Expediente"}, {"id": 4844, "periodo": "expediente", "titulo": "Indica\u00e7\u00e3o n\u00ba 500 de 2025", "autor": "Matheus Campos,Zilda Ornellas", "ementa": "Indicam ao Chefe do Executivo Municipal que estudos sejam realizados pelo setor competente da prefeitura no sentido de realizar as demarca\u00e7\u00f5es das vagas do bols\u00e3o de estacionamento em frente \u00e0 Escola Municipal de Ensino Fundamental (EMEF) S\u00e9rgio Rossetti, localizada na Rua Presidente Vargas.", "situacao": "Proposi\u00e7\u00e3o inclusa no Expediente"}, {"id": 4845, "periodo": "expediente", "titulo": "Indica\u00e7\u00e3o n\u00ba 501 de 2025", "autor": "Matheus Campos,Jo\u00e3ozinho da Papelaria", "ementa": "Indica ao Chefe do Executivo Municipal que estudos sejam realizados pelo setor competente da prefeitura no sentido de que seja realizada a pintura da imagem do Cristo Redentor, situada na rotat\u00f3ria da Avenida Monte Sereno, entrada de nossa cidade.", "situacao": "Proposi\u00e7\u00e3o inclusa no Expediente"}, {"id": 4846, "periodo": "expediente", "titulo": "Indica\u00e7\u00e3o n\u00ba 502 de 2025", "autor": "Matheus Campos", "ementa": "Indica ao Chefe do Executivo Municipal que estudos sejam realizados pelo setor competente da prefeitura no sentido de solicitar a manuten\u00e7\u00e3o dos alambrados e port\u00f5es do Recinto de Festas, bem como a instala\u00e7\u00e3o de um novo port\u00e3o na altura da Rua Prudente de Moraes. Al\u00e9m disso, \u00e9 necess\u00e1rio finalizar o alambrado nessa \u00e1rea para garantir a seguran\u00e7a e a integridade do local.", "situacao": "Proposi\u00e7\u00e3o inclusa no Expediente"}, {"id": 4847, "periodo": "expediente", "titulo": "Indica\u00e7\u00e3o n\u00ba 503 de 2025", "autor": "Zilda Ornellas", "ementa": "Indica ao Chefe do Poder Executivo Municipal que, determine ao setor competente as provid\u00eancias necess\u00e1rias para a instala\u00e7\u00e3o de sistema de v\u00eddeo monitoramento nos \u00f4nibus escolares do Munic\u00edpio.", "situacao": "Proposi\u00e7\u00e3o inclusa no Expediente"}, {"id": 4848, "periodo": "expediente", "titulo": "Indica\u00e7\u00e3o n\u00ba 504 de 2025", "autor": "Zilda Ornellas", "ementa": "Indica ao Chefe do Poder Executivo Municipal que, atrav\u00e9s do setor respons\u00e1vel, providencie a substitui\u00e7\u00e3o das l\u00e2mpadas de ilumina\u00e7\u00e3o p\u00fablica ainda n\u00e3o modernizadas por tecnologia LED na Rua Conselheiro Ant\u00f4nio Prado.", "situacao": "Proposi\u00e7\u00e3o inclusa no Expediente"}, {"id": 4849, "periodo": "expediente", "titulo": "Indica\u00e7\u00e3o n\u00ba 505 de 2025", "autor": "Zilda Ornellas,Professor Edson,Tio Raul", "ementa": "Indicam ao Chefe do Poder Executivo Municipal que providencie, por interm\u00e9dio do setor competente, a substitui\u00e7\u00e3o da tampa do bueiro danificado no estacionamento da EMEF \u201cOctavio Giovanetti\u201d, conforme evidencia a foto anexa.", "situacao": "Proposi\u00e7\u00e3o inclusa no Expediente"}, {"id": 4850, "periodo": "expediente", "titulo": "Indica\u00e7\u00e3o n\u00ba 506 de 2025", "autor": "Zilda Ornellas,Jo\u00e3ozinho da Papelaria", "ementa": "Indicam ao Chefe do Poder Executivo Municipal que, por interm\u00e9dio do setor competente de tr\u00e2nsito, sejam realizados estudos t\u00e9cnicos visando a viabilidade de altera\u00e7\u00e3o do tr\u00e1fego da RUA RUI BARBOSA, no trecho compreendido entre a interse\u00e7\u00e3o com a Rua S\u00e3o Martinho e a Rua 9 de Julho, atualmente em m\u00e3o dupla, para M\u00c3O \u00daNICA de dire\u00e7\u00e3o.", "situacao": "Proposi\u00e7\u00e3o inclusa no Expediente"}, {"id": 4852, "periodo": "expediente", "titulo": "Indica\u00e7\u00e3o n\u00ba 507 de 2025", "autor": "Valdir Do Horto", "ementa": "Indica ao Chefe do Executivo Municipal que sejam realizados estudos, pelo setor competente da Prefeitura, com o objetivo de viabilizar, junto ao programa PROMAQ \u2013 Programa Nacional de Moderniza\u00e7\u00e3o e Apoio \u00e0 Produ\u00e7\u00e3o Agr\u00edcola, do Governo Federal, o cadastramento do munic\u00edpio para a aquisi\u00e7\u00e3o de um trator agr\u00edcola.", "situacao": "Proposi\u00e7\u00e3o inclusa no Expediente"}, {"id": 4853, "periodo": "expediente", "titulo": "Indica\u00e7\u00e3o n\u00ba 508 de 2025", "autor": "Pulo da Ambul\u00e2ncia", "ementa": "Indica ao Chefe do Executivo Municipal que estudos sejam realizados pelo setor competente da prefeitura no sentido de implantar\u00a0vagas de estacionamento exclusivas para idosos e pessoas com defici\u00eancia (cadeirantes) em frente \u00e0 Igreja Matriz de Santo Ant\u00f4nio, no centro de Prad\u00f3polis.", "situacao": "Proposi\u00e7\u00e3o inclusa no Expediente"}, {"id": 4854, "periodo": "expediente", "titulo": "Indica\u00e7\u00e3o n\u00ba 509 de 2025", "autor": "Pulo da Ambul\u00e2ncia,Jo\u00e3ozinho da Papelaria", "ementa": "Indicam ao Chefe do Executivo Municipal que estudos sejam realizados pelo setor competente da prefeitura no sentido de construir um Galp\u00e3o do Agroneg\u00f3cio no assentamento Horto Guarany, no munic\u00edpio de Prad\u00f3polis.", "situacao": "Proposi\u00e7\u00e3o inclusa no Expediente"}, {"id": 4855, "periodo": "expediente", "titulo": "Indica\u00e7\u00e3o n\u00ba 510 de 2025", "autor": "Pulo da Ambul\u00e2ncia", "ementa": "Indica ao Chefe do Executivo Municipal que estudos sejam realizados pelo setor competente da prefeitura no sentido de\u00a0ampliar o hor\u00e1rio de funcionamento do \u00f4nibus circular no nosso munic\u00edpio no per\u00edodo da manh\u00e3 ,\u00a0passando o hor\u00e1rio das 9h30 para as 10h30.", "situacao": "Proposi\u00e7\u00e3o inclusa no Expediente"}, {"id": 4856, "periodo": "expediente", "titulo": "Indica\u00e7\u00e3o n\u00ba 511 de 2025", "autor": "Jo\u00e3ozinho da Papelaria,Matheus Campos", "ementa": "Indicam ao Chefe do Executivo Municipal que estudos sejam elaborados pelo setor competente da Prefeitura no sentido de atribuir a denomina\u00e7\u00e3o ao Sr. \u201cANTONIO CARLOS CAMPOS ROSSI\u201d, popularmente conhecido como N\u00ea da Prefeitura e EX.PREFEITO do nosso munic\u00edpio a um logradouro Publico Municipal a ser constru\u00eddo futuramente.", "situacao": "Proposi\u00e7\u00e3o inclusa no Expediente"}, {"id": 4857, "periodo": "expediente", "titulo": "Indica\u00e7\u00e3o n\u00ba 512 de 2025", "autor": "Tio Raul", "ementa": "Indica ao Chefe do Poder Executivo Municipal que determine ao setor competente da Prefeitura a realiza\u00e7\u00e3o de estudos visando \u00e0 promo\u00e7\u00e3o de um torneio municipal de futev\u00f4lei, incentivando a pr\u00e1tica esportiva e a integra\u00e7\u00e3o entre os atletas da cidade.", "situacao": "Proposi\u00e7\u00e3o inclusa no Expediente"}, {"id": 4858, "periodo": "expediente", "titulo": "Indica\u00e7\u00e3o n\u00ba 513 de 2025", "autor": "Tio Raul,Valdir Do Horto", "ementa": "Indica ao Chefe do Poder Executivo Municipal que determine ao setor competente da Prefeitura a realiza\u00e7\u00e3o de estudos visando impedir, de forma definitiva, o tr\u00e1fego de ciclistas na pista de caminhada que circunda o Lago Municipal ou, alternativamente, \u00e0 constru\u00e7\u00e3o de uma ciclovia exclusiva para o uso dos ciclistas.", "situacao": "Proposi\u00e7\u00e3o inclusa no Expediente"}, {"id": 4859, "periodo": "expediente", "titulo": "Indica\u00e7\u00e3o n\u00ba 514 de 2025", "autor": "Nal Marques", "ementa": "Indica ao Chefe do Executivo Municipal que estudos sejam realizados pelo setor competente da prefeitura no sentido de solicitar a troca do disjuntor da escola EMEF Octavio Giovanetti.", "situacao": "Proposi\u00e7\u00e3o inclusa no Expediente"}, {"id": 4860, "periodo": "expediente", "titulo": "Indica\u00e7\u00e3o n\u00ba 515 de 2025", "autor": "Nal Marques", "ementa": "Indica ao Chefe do Executivo Municipal que estudos sejam realizados pelo setor competente da prefeitura no sentido que seja realizado a manuten\u00e7\u00e3o na pintura da escola EMEF Oct\u00e1vio Giovanetti.", "situacao": "Proposi\u00e7\u00e3o inclusa no Expediente"}, {"id": 4861, "periodo": "expediente", "titulo": "Indica\u00e7\u00e3o n\u00ba 516 de 2025", "autor": "Nal Marques", "ementa": "Indica ao Chefe do Executivo Municipal que estudos sejam realizados pelo setor competente da prefeitura no sentido que seja realizado a troca e reposi\u00e7\u00e3o das l\u00e2mpadas no p\u00e1tio da escola EMEF Oct\u00e1vio Giovanetti.", "situacao": "Proposi\u00e7\u00e3o inclusa no Expediente"}, {"id": 4862, "periodo": "expediente", "titulo": "Indica\u00e7\u00e3o n\u00ba 517 de 2025", "autor": "Matheus Campos,Tio Raul", "ementa": "Indicam ao Chefe do Executivo Municipal que estudos sejam realizados pelo setor competente da prefeitura no sentido de viabilizar a implanta\u00e7\u00e3o do projeto \u201cKarate Educador\u201d na Escola Municipal Luiz Ometto, unidade de ensino em tempo integral.", "situacao": "Proposi\u00e7\u00e3o inclusa no Expediente"}, {"id": 4863, "periodo": "expediente", "titulo": "Indica\u00e7\u00e3o n\u00ba 518 de 2025", "autor": "Jo\u00e3ozinho da Papelaria,Matheus Campos,Pulo da Ambul\u00e2ncia", "ementa": "Indicam ao Chefe do Executivo Municipal que estudos sejam elaborados pelo setor competente da Prefeitura no sentido de Realizar Reforma do Pr\u00e9dio do \u201cPA\u201d Pronto Atendimento \u201cWaldemar Balatore\u201d contemplando os seguintes servi\u00e7os Pintura Interna e Externa do Pr\u00e9dio, Trocas da Portas Danificadas e Instala\u00e7\u00e3o de Placas de Identifica\u00e7\u00e3o em todas as Salas existentes.", "situacao": "Proposi\u00e7\u00e3o inclusa no Expediente"}, {"id": 4864, "periodo": "expediente", "titulo": "Indica\u00e7\u00e3o n\u00ba 519 de 2025", "autor": "Nal Marques,Matheus Campos,Tio Raul", "ementa": "Indicam ao Chefe do Executivo Municipal que estudos sejam realizados pelo setor competente da prefeitura no sentido de adotar medidas que garantam aos demais servidores municipais o mesmo direito concedido aos professores quanto \u00e0 folga de 8 (oito) dias em caso de falecimento de pai ou m\u00e3e.", "situacao": "Proposi\u00e7\u00e3o inclusa no Expediente"}, {"id": 4865, "periodo": "expediente", "titulo": "Indica\u00e7\u00e3o n\u00ba 520 de 2025", "autor": "Nal Marques,Matheus Campos,Tio Raul", "ementa": "Indicam ao Chefe do Executivo Municipal que estudos sejam realizados pelo setor competente da prefeitura no sentido de adotar medidas que garantam aos professores o mesmo direito dos demais servidores municipais quanto \u00e0 falta abonada, ampliando o per\u00edodo de 4 (quatro) para 5 (cinco) dias.", "situacao": "Proposi\u00e7\u00e3o inclusa no Expediente"}, {"id": 4866, "periodo": "expediente", "titulo": "Indica\u00e7\u00e3o n\u00ba 521 de 2025", "autor": "Professor Edson,Matheus Campos", "ementa": "Indicam ao Chefe do Executivo Municipal que estudos sejam realizados pelo setor competente da prefeitura no sentido de providenciar a coloca\u00e7\u00e3o de grama no Campo de Futebol\u00a0Est\u00e1dio Municipal S\u00e9rgio Rossetti \u201cFamoso Camp\u00e3o\u201d, especificamente na \u00e1rea pr\u00f3xima ao gol.", "situacao": "Proposi\u00e7\u00e3o inclusa no Expediente"}, {"id": 4867, "periodo": "expediente", "titulo": "Indica\u00e7\u00e3o n\u00ba 522 de 2025", "autor": "Professor Edson,Tio Raul,Zilda Ornellas", "ementa": "Indicam ao Chefe do Executivo Municipal que estudos sejam realizados pelo setor competente da prefeitura no sentido de, providenciar a limpeza e desinfec\u00e7\u00e3o das quadras das escolas municipais, com o objetivo de eliminar piolhos de pombo presentes nesses locais visando garantir a sa\u00fade e o bem-estar dos estudantes e funcion\u00e1rios.", "situacao": "Proposi\u00e7\u00e3o inclusa no Expediente"}, {"id": 4868, "periodo": "expediente", "titulo": "Indica\u00e7\u00e3o n\u00ba 523 de 2025", "autor": "Pulo da Ambul\u00e2ncia", "ementa": "Indica ao Chefe do Executivo Municipal que estudos sejam realizados pelo setor competente da prefeitura no sentido de instalar\u00a0enfeites natalinos nas rotat\u00f3rias localizadas ao longo da Avenida Monte Sereno, durante o per\u00edodo de festividades de final de ano.", "situacao": "Proposi\u00e7\u00e3o inclusa no Expediente"}, {"id": 4828, "periodo": "expediente", "titulo": "Projeto de Lei n\u00ba 43 de 2025", "autor": "Prefeito Municipal - Prefeito", "ementa": "Disp\u00f5e sobre a abertura no or\u00e7amento vigente de cr\u00e9dito adicional especial no valor de R$200.000,00, e d\u00e1 outras provid\u00eancias.", "situacao": "Proposi\u00e7\u00e3o inclusa no Expediente"}, {"id": 4869, "periodo": "expediente", "titulo": "Projeto de Lei n\u00ba 44 de 2025", "autor": "Prefeito Municipal - Prefeito", "ementa": "Disp\u00f5e sobre a abertura no or\u00e7amento vigente de cr\u00e9dito adicional suplementar no valor de R$ 11.518.400,00 d\u00e1 outras provid\u00eancias.", "situacao": "Proposi\u00e7\u00e3o inclusa no Expediente"}]}