{"headers": {"id": "ID", "periodo": "Per\u00edodo", "titulo": "Mat\u00e9ria", "autor": "Autor", "ementa": "Ementa", "situacao": "Situa\u00e7\u00e3o"}, "results": [{"id": 4259, "periodo": "ordem dia", "titulo": "Projeto de Lei n\u00ba 3 de 2025", "autor": "Prefeito Municipal - Prefeito", "ementa": "Disp\u00f5e sobre a abertura no or\u00e7amento vigente de cr\u00e9dito adicional especial no valor de R$ 3.200.000,00 e d\u00e1 outras provid\u00eancias.", "situacao": "Proposi\u00e7\u00e3o inclusa na Ordem do Dia"}, {"id": 4260, "periodo": "ordem dia", "titulo": "Projeto de Lei n\u00ba 4 de 2025", "autor": "", "ementa": "Disp\u00f5e sobre a abertura no or\u00e7amento vigente de cr\u00e9dito adicional suplementar no valor de R$ 1.579.922,84 e d\u00e1 outras provid\u00eancias.", "situacao": "Proposi\u00e7\u00e3o inclusa na Ordem do Dia"}, {"id": 4262, "periodo": "ordem dia", "titulo": "Projeto de Lei n\u00ba 6 de 2025", "autor": "Prefeito Municipal - Prefeito", "ementa": "Disp\u00f5e sobre a abertura no or\u00e7amento vigente de cr\u00e9dito adicional especial no valor de R$ 398.903,78 e d\u00e1 outras provid\u00eancias.", "situacao": "Proposi\u00e7\u00e3o inclusa na Ordem do Dia"}]}