{"headers": {"id": "ID", "periodo": "Per\u00edodo", "titulo": "Mat\u00e9ria", "autor": "Autor", "ementa": "Ementa", "situacao": "Situa\u00e7\u00e3o"}, "results": [{"id": 2111, "periodo": "ordem dia", "titulo": "Projeto de Lei n\u00ba 17 de 2021", "autor": "Prefeito Municipal - Prefeito", "ementa": "Disp\u00f5e sobre a abertura no or\u00e7amento vigente de cr\u00e9dito adicional suplementar no valor de R$ 470.000,00 e d\u00e1 outras provid\u00eancias.", "situacao": "Proposi\u00e7\u00e3o inclusa na Ordem do Dia"}, {"id": 2152, "periodo": "ordem dia", "titulo": "Requerimento n\u00ba 18 de 2021", "autor": "Gon\u00e7ala,Fab\u00e3o,Jo\u00e3ozinho da Papelaria,Luciano Tanaka,Marcia,Matheus Campos,Nal Marques,Thiago Aquino,Z\u00e9 Banana", "ementa": "Requer ao Chefe do Executivo Municipal que o setor competente informe a esta Casa, acerca do quadro funcional das unidades de sa\u00fade de nosso munic\u00edpio.", "situacao": "Proposi\u00e7\u00e3o inclusa na Ordem do Dia"}, {"id": 2142, "periodo": "expediente", "titulo": "Indica\u00e7\u00e3o n\u00ba 319 de 2021", "autor": "Matheus Campos", "ementa": "INDICA AO CHEFE DO EXECUTIVO MUNICIPAL PARA QUE JUNTO AO GOVERNO DO ESTADO DE S\u00c3O PAULO, REALIZE A MIGRA\u00c7\u00c3O DO DETRAN PARA SE TORNAR UMA UNIDADE DO POUPATEMPO NA CIDADE DE PRAD\u00d3POLIS.", "situacao": "Proposi\u00e7\u00e3o inclusa no Expediente"}, {"id": 2141, "periodo": "expediente", "titulo": "Indica\u00e7\u00e3o n\u00ba 320 de 2021", "autor": "Matheus Campos", "ementa": "INDICA AO CHEFE DO EXECUTIVO MUNICIPAL PARA QUE JUNTO AO DEPARTAMENTO COMPETENTE, ANALISE A POSSIBILIDADE, JUNTO A SECRETARIA DE DESENVOLVIMENTO ECON\u00d4MICO, CI\u00caNCIA E TECNOLOGIA DO ESTADO DE S\u00c3O PAULO, A FIM DE QUE SE REALIZE A IMPLANTA\u00c7\u00c3O DO PROGRAMA \"EMPREENDA MULHER\" NO MUNIC\u00cdPIO DE PRAD\u00d3POLIS.", "situacao": "Proposi\u00e7\u00e3o inclusa no Expediente"}, {"id": 2143, "periodo": "expediente", "titulo": "Indica\u00e7\u00e3o n\u00ba 321 de 2021", "autor": "Marcia", "ementa": "Indica ao Chefe do Executivo Municipal que provid\u00eancias sejam tomadas pelo setor competente, no sentido de viabilizar a constru\u00e7\u00e3o do cal\u00e7amento da \u00e1rea verde, localizado ao lado da casa da 3\u00b0 idade e de frente com o Lago Municipal.", "situacao": "Proposi\u00e7\u00e3o inclusa no Expediente"}, {"id": 2145, "periodo": "expediente", "titulo": "Indica\u00e7\u00e3o n\u00ba 322 de 2021", "autor": "Z\u00e9 Banana", "ementa": "Indica ao Chefe do Executivo Municipal que estudos sejam realizados pelo setor competente da Prefeitura, no sentido de viabilizar a troca da tampa do bueiro na Rua Rui Barbosa, na altura do N\u00famero 210. (foto em anexo)", "situacao": "Proposi\u00e7\u00e3o inclusa no Expediente"}, {"id": 2146, "periodo": "expediente", "titulo": "Indica\u00e7\u00e3o n\u00ba 323 de 2021", "autor": "Z\u00e9 Banana", "ementa": "Indica ao Chefe do Executivo Municipal que estudos sejam realizados pelo setor competente da Prefeitura, no sentido de realizar a manuten\u00e7\u00e3o de vazamento na rede de \u00e1gua na Rua Jo\u00e3o de Angelice, na altura do n\u00famero 501, Jardim S\u00e3o Paulo. (foto em anexo)", "situacao": "Proposi\u00e7\u00e3o inclusa no Expediente"}, {"id": 2147, "periodo": "expediente", "titulo": "Indica\u00e7\u00e3o n\u00ba 324 de 2021", "autor": "Nal Marques,Luciano Tanaka,Matheus Campos", "ementa": "Indica ao Chefe do Executivo Municipal que estudos sejam realizados pelo setor competente da Prefeitura, no sentido de viabilizar a contrata\u00e7\u00e3o de um vigilante no per\u00edodo das 17:00h as 22:00h, no Lago Municipal de Prad\u00f3polis para coibir a circula\u00e7\u00e3o de bicicletas na pista durante esse per\u00edodo.", "situacao": "Proposi\u00e7\u00e3o inclusa no Expediente"}, {"id": 2148, "periodo": "expediente", "titulo": "Indica\u00e7\u00e3o n\u00ba 325 de 2021", "autor": "Nal Marques", "ementa": "Indica ao Chefe do Executivo Municipal que estudos sejam realizados pelo setor competente da Prefeitura, no sentido de que seja elaborado e implantado o trabalho de paisagismo com flores na lateral em cima de alguns bancos espec\u00edficos com canteiros da Pra\u00e7a PIO XII. (anexo).", "situacao": "Proposi\u00e7\u00e3o inclusa no Expediente"}, {"id": 2149, "periodo": "expediente", "titulo": "Indica\u00e7\u00e3o n\u00ba 326 de 2021", "autor": "Nal Marques", "ementa": "Indica ao Chefe do Executivo Municipal que estudos sejam realizados pelo setor competente da Prefeitura, no sentido que sejam disponibilizados frascos de \u00e1lcool 70% spray nas depend\u00eancias do pronto atendimento \"Waldemar Balatore\" para os usu\u00e1rios higienizar os bancos antes e depois de sentar.", "situacao": "Proposi\u00e7\u00e3o inclusa no Expediente"}, {"id": 2150, "periodo": "expediente", "titulo": "Indica\u00e7\u00e3o n\u00ba 327 de 2021", "autor": "Gon\u00e7ala", "ementa": "Indica ao Chefe do Executivo Municipal que estudos sejam realizados pelo setor competente da Prefeitura, no sentido de realizar o recapeamento asf\u00e1ltico e manuten\u00e7\u00e3o da sinaliza\u00e7\u00e3o vi\u00e1ria nas ruas do bairro Jardim Primavera.", "situacao": "Proposi\u00e7\u00e3o inclusa no Expediente"}, {"id": 2151, "periodo": "expediente", "titulo": "Indica\u00e7\u00e3o n\u00ba 328 de 2021", "autor": "Gon\u00e7ala", "ementa": "Indica ao Chefe do Executivo Municipal que provid\u00eancias sejam tomadas pelo setor competente, no sentido de viabilizar a coloca\u00e7\u00e3o de redutor de velocidade (LOMBADAS) na Rua Presidente Vargas, na altura da Escola EMEB Luiz Ometto.", "situacao": "Proposi\u00e7\u00e3o inclusa no Expediente"}, {"id": 2153, "periodo": "expediente", "titulo": "Indica\u00e7\u00e3o n\u00ba 329 de 2021", "autor": "Luciano Tanaka", "ementa": "Indica ao Chefe do Executivo Municipal que estudos sejam realizados pelo setor competente da Prefeitura, para que o setor competente fa\u00e7a o recapeamento asf\u00e1ltico na rua C\u00e9sar Giovanetti com a rua 1\u00b0 de maio. ( fotos anexas).", "situacao": "Proposi\u00e7\u00e3o inclusa no Expediente"}, {"id": 2154, "periodo": "expediente", "titulo": "Indica\u00e7\u00e3o n\u00ba 330 de 2021", "autor": "Luciano Tanaka,Jo\u00e3ozinho da Papelaria,Matheus Campos,Nal Marques,Thiago Aquino", "ementa": "Indica ao Chefe do Executivo Municipal que estudos sejam realizados pelo setor competente da Prefeitura, para que realize melhorias na ilumina\u00e7\u00e3o da Pra\u00e7a do Posto de sa\u00fade \"Lineu Zacharias\". (fotos em anexo).", "situacao": "Proposi\u00e7\u00e3o inclusa no Expediente"}, {"id": 2155, "periodo": "expediente", "titulo": "Indica\u00e7\u00e3o n\u00ba 331 de 2021", "autor": "Luciano Tanaka", "ementa": "Indica ao Chefe do Executivo Municipal que estudos sejam realizados pelo setor competente da Prefeitura, no sentido de realizar o conserto da cal\u00e7ada ao entorno do setor Centro Odontol\u00f3gico.", "situacao": "Proposi\u00e7\u00e3o inclusa no Expediente"}, {"id": 2156, "periodo": "expediente", "titulo": "Indica\u00e7\u00e3o n\u00ba 332 de 2021", "autor": "Marcia", "ementa": "Indica ao Chefe do Executivo Municipal que provid\u00eancias sejam tomadas pelo setor competente, no sentido de viabilizar a constru\u00e7\u00e3o de uma escola, no bairro Nova Prad\u00f3polis l.", "situacao": "Proposi\u00e7\u00e3o inclusa no Expediente"}, {"id": 2157, "periodo": "expediente", "titulo": "Indica\u00e7\u00e3o n\u00ba 333 de 2021", "autor": "Matheus Campos", "ementa": "INDICA AO CHEFE DO EXECUTIVO MUNICIPAL PARA QUE JUNTO AO DEPARTAMENTO COMPETENTE, REALIZE MELHORIAS NA ILUMINA\u00c7\u00c3O DO PARQUE URBANO MUNICIPAL \"ORLANDO C\u00c2NDIDO DE SOUZA\".", "situacao": "Proposi\u00e7\u00e3o inclusa no Expediente"}, {"id": 2158, "periodo": "expediente", "titulo": "Indica\u00e7\u00e3o n\u00ba 334 de 2021", "autor": "Matheus Campos,Z\u00e9 Banana", "ementa": "INDICAM AO CHEFE DO EXECUTIVO MUNICIPAL PARA QUE JUNTO AO DEPARTAMENTO COMPETENTE, VIABILIZE A AQUISI\u00c7\u00c3O DE UM ROLO COMPACTADOR DE SOLO (CONHECIDO COMO ROLO COMPRESSOR) PARA REALIZAR CORRE\u00c7\u00d5ES ASF\u00c1LTICAS E OUTROS SERVI\u00c7OS QUE SE FA\u00c7AM NECESS\u00c1RIOS EM NOSSO MUNIC\u00cdPIO.", "situacao": "Proposi\u00e7\u00e3o inclusa no Expediente"}, {"id": 2159, "periodo": "expediente", "titulo": "Indica\u00e7\u00e3o n\u00ba 335 de 2021", "autor": "Jo\u00e3ozinho da Papelaria,Fab\u00e3o,Gon\u00e7ala,Luciano Tanaka,Marcia,Matheus Campos,Nal Marques,Thiago Aquino,Z\u00e9 Banana", "ementa": "INDICA AO CHEFE DO EXECUTIVO MUNICIPAL QUE PROVID\u00caNCIAS SEJAM TOMADAS PELO SETOR COMPETENTE DA PREFEITURA NO SENTIDO DE VIABILIZAR AQUISI\u00c7\u00c3O DE KIT PARA DETEC\u00c7\u00c3O QUALITATIVA DE V\u00cdRUS SARSCOV-2, POR M\u00c9TODO IMUNOCROMATOGR\u00c1FICO, EM AMOSTRAS DE SWAB DA NASOFARINGE.", "situacao": "Proposi\u00e7\u00e3o inclusa no Expediente"}, {"id": 2160, "periodo": "expediente", "titulo": "Indica\u00e7\u00e3o n\u00ba 336 de 2021", "autor": "Jo\u00e3ozinho da Papelaria", "ementa": "INDICA AO CHEFE DO EXECUTIVO MUNICIPAL QUE PROVID\u00caNCIAS SEJAM TOMADAS PELO SETOR COMPETENTE DA PREFEITURA NO SENTIDO DE VIABILIZAR O CAL\u00c7AMENTO NA RUA AFONSO MARTINEZ GUTIERREZ LOCALIZADO NO BAIRRO JARDIM DAS OLIVEIRAS.", "situacao": "Proposi\u00e7\u00e3o inclusa no Expediente"}, {"id": 2161, "periodo": "expediente", "titulo": "Indica\u00e7\u00e3o n\u00ba 337 de 2021", "autor": "Jo\u00e3ozinho da Papelaria", "ementa": "INDICA AO CHEFE DO EXECUTIVO MUNICIPAL QUE PROVID\u00caNCIAS SEJAM TOMADAS PELO SETOR COMPETENTE DA PREFEITURA NO SENTIDO DE VIABILIZAR O CAL\u00c7AMENTO ENTORNO DA \u00c1REA VERDE DE FRENTE AO CEMIT\u00c9RIO MUNICIPAL.", "situacao": "Proposi\u00e7\u00e3o inclusa no Expediente"}, {"id": 2162, "periodo": "expediente", "titulo": "Indica\u00e7\u00e3o n\u00ba 338 de 2021", "autor": "Jo\u00e3ozinho da Papelaria", "ementa": "INDICA AO CHEFE DO EXECUTIVO MUNICIPAL QUE PROVID\u00caNCIAS SEJAM TOMADAS PELO SETOR COMPETENTE DA PREFEITURA NO SENTIDO DE VIABILIZAR O CAL\u00c7AMENTO NA RUA VALDECI FRANCISCO DA SILVA LOCALIZADO NO BAIRRO JARDIM DAS OLIVEIRAS.", "situacao": "Proposi\u00e7\u00e3o inclusa no Expediente"}, {"id": 2163, "periodo": "expediente", "titulo": "Indica\u00e7\u00e3o n\u00ba 339 de 2021", "autor": "Jo\u00e3ozinho da Papelaria", "ementa": "INDICA AO CHEFE DO EXECUTIVO MUNICIPAL QUE PROVID\u00caNCIAS SEJAM TOMADAS PELO SETOR COMPETENTE DA PREFEITURA NO SENTIDO DE VIABILIZAR A PINTURA DO CRISTO RENDETOR LOCALIZADO NA ROTAT\u00d3RIA DA AVENIDA MONTE SERENO.", "situacao": "Proposi\u00e7\u00e3o inclusa no Expediente"}, {"id": 2164, "periodo": "expediente", "titulo": "Indica\u00e7\u00e3o n\u00ba 340 de 2021", "autor": "Thiago Aquino", "ementa": "Indica ao Chefe do Executivo Municipal para que junto ao departamento competente, realize a retirada das latas com areia no entorno da antiga fonte da Pra\u00e7a Pio XII (Imagem Anexa).", "situacao": "Proposi\u00e7\u00e3o inclusa no Expediente"}, {"id": 2165, "periodo": "expediente", "titulo": "Indica\u00e7\u00e3o n\u00ba 341 de 2021", "autor": "Thiago Aquino", "ementa": "Indica ao Chefe do Executivo Municipal que estudos sejam realizados pelo setor competente da Prefeitura no sentido de construir uma galeria de \u00e1gua (bueiro) na Rua Jos\u00e9 Constantino no cruzamento com a Rua Eliot\u00e9rio Pizarro (Imagem anexa).", "situacao": "Proposi\u00e7\u00e3o inclusa no Expediente"}, {"id": 2166, "periodo": "expediente", "titulo": "Indica\u00e7\u00e3o n\u00ba 342 de 2021", "autor": "Thiago Aquino", "ementa": "Indica ao Chefe do Executivo Municipal que estudos sejam realizados pelo setor competente da Prefeitura no sentido de promover um curso de capacita\u00e7\u00e3o pedag\u00f3gica para toda Rede Municipal de Educa\u00e7\u00e3o.", "situacao": "Proposi\u00e7\u00e3o inclusa no Expediente"}, {"id": 2167, "periodo": "expediente", "titulo": "Indica\u00e7\u00e3o n\u00ba 343 de 2021", "autor": "Z\u00e9 Banana", "ementa": "Indica ao Chefe do Executivo Municipal que estudos sejam realizados pelo setor competente da Prefeitura no sentido de viabilizar da tampa do bueiro da Rua Bar\u00e3o do Rio Branco localizado na esquina da pracinha na altura do n\u00famero 1023. (foto em anexo)", "situacao": "Proposi\u00e7\u00e3o inclusa no Expediente"}, {"id": 2168, "periodo": "expediente", "titulo": "Indica\u00e7\u00e3o n\u00ba 344 de 2021", "autor": "Z\u00e9 Banana", "ementa": "Indica ao Chefe do Executivo Municipal que estudos sejam realizados pelo setor competente da Prefeitura no sentido de viabilizar a trocar da tampa do bueiro da Rua Rui Barbosa localizado na esquina da pracinha. (foto em anexo)", "situacao": "Proposi\u00e7\u00e3o inclusa no Expediente"}, {"id": 2169, "periodo": "expediente", "titulo": "Indica\u00e7\u00e3o n\u00ba 345 de 2021", "autor": "Z\u00e9 Banana", "ementa": "Indica ao Chefe do Executivo Municipal que estudos sejam realizados pelo setor competente da Prefeitura no sentido de viabilizar a troca da tampa do bueiro e realizar a limpeza da galeria pluvial da Rua Campos salles, localizado na \u00e1rea verde em frente a secretaria de educa\u00e7\u00e3o na altura do n\u00famero 902.(foto em anexo)", "situacao": "Proposi\u00e7\u00e3o inclusa no Expediente"}, {"id": 2170, "periodo": "expediente", "titulo": "Indica\u00e7\u00e3o n\u00ba 346 de 2021", "autor": "Z\u00e9 Banana", "ementa": "Indica ao Chefe do Executivo Municipal que estudos sejam realizados pelo setor competente da Prefeitura no sentido de viabilizar a troca da tampa do bueiro e realizar a limpeza da galeria pluvial da Rua Bar\u00e3o do Rio Branco localizado na \u00e1rea verde em frente a secretaria de educa\u00e7\u00e3o na altura do n\u00famero 474 .(foto em anexo)", "situacao": "Proposi\u00e7\u00e3o inclusa no Expediente"}, {"id": 2171, "periodo": "expediente", "titulo": "Indica\u00e7\u00e3o n\u00ba 347 de 2021", "autor": "Gon\u00e7ala", "ementa": "Indica ao Chefe do Executivo Municipal que estudos sejam realizados pelo setor competente da prefeitura no sentido de realizar a denomina\u00e7\u00e3o de \"SIMONE APARECIDA TURCI PRADO\" para uma rua ou logradouro p\u00fablico de nosso munic\u00edpio.", "situacao": "Proposi\u00e7\u00e3o inclusa no Expediente"}, {"id": 2173, "periodo": "expediente", "titulo": "Projeto de Lei n\u00ba 19 de 2021", "autor": "Luciano Tanaka,Jo\u00e3ozinho da Papelaria,Matheus Campos,Nal Marques,Thiago Aquino", "ementa": "Institui o Programa Educa\u00e7\u00e3o no Tr\u00e2nsito nas Escolas Municipais de Prad\u00f3polis e d\u00e1 outras provid\u00eancias.", "situacao": "Proposi\u00e7\u00e3o inclusa no Expediente"}, {"id": 2172, "periodo": "expediente", "titulo": "Projeto de Lei n\u00ba 20 de 2021", "autor": "Prefeito Municipal - Prefeito", "ementa": "Disp\u00f5e sobre a abertura no or\u00e7amento vigente de cr\u00e9dito adicional suplementar no valor de R$ 570.000,00 e d\u00e1 outras provid\u00eancias.", "situacao": "Proposi\u00e7\u00e3o inclusa no Expediente"}]}